{"id":10571,"date":"2018-02-27T16:43:37","date_gmt":"2018-02-27T08:43:37","guid":{"rendered":"https:\/\/www.intimina.com\/es\/blog\/?p=10571"},"modified":"2022-06-06T10:26:32","modified_gmt":"2022-06-06T08:26:32","slug":"origenes-depilacion-femenina","status":"publish","type":"post","link":"https:\/\/www.intimina.com\/es\/blog\/origenes-depilacion-femenina\/","title":{"rendered":"\u00bfPor qu\u00e9 nos afeitamos? Historia del vello corporal y la depilaci\u00f3n"},"content":{"rendered":"<p><span style=\"font-weight: 400;\">Depilarse el vello corporal de arriba a abajo es una tendencia que lleva ocurriendo desde que el tiempo es tiempo. Este fen\u00f3meno, seg\u00fan algunos arque\u00f3logos se remonta mucho tiempo atr\u00e1s, cuando al parecer la depilaci\u00f3n corporal fue adoptada por las mujeres prehist\u00f3ricas. \u00bfC\u00f3mo llegamos de afeitarnos el pelo de nuestro cuerpo con una piedra afilada en una cueva, hasta las cuchillas rosas en un ba\u00f1o de burbujas? Te lo contamos a continuaci\u00f3n.<\/span><\/p>\n<h2><strong>Para empezar \u00bfpor qu\u00e9 tenemos todo este pelo?<\/strong><\/h2>\n<p><span style=\"font-weight: 400;\">Primero queremos dejar claro, que el vello corporal es completamente natural y no hay nada <\/span><i><span style=\"font-weight: 400;\">sucio<\/span><\/i><span style=\"font-weight: 400;\"> al respecto. La mayor\u00eda de los cuerpos adultos tienen alrededor de 5 millones de pelos, por lo que es l\u00f3gico pensar que el vello corporal tiene un prop\u00f3sito. Cubriendo casi cada parte de tu cuerpo, el vello juega un papel en las capacidades sensoriales de la piel y en el proceso de sudoraci\u00f3n que regula la temperatura. Estas funciones fueron de suma importancia para nuestros antepasados, cuya supervivencia pudo haber dependido de la capacidad de detectar un insecto sobre su piel o ser capaces de soportar el calor. Pero a medida que fuimos evolucionando, la necesidad y el deseo de tener vello corporal han ido disminuyendo significativamente.<\/span><\/p>\n<h2><strong>\u00bfVello corporal? \u00a1Qu\u00e9 barb\u00e1rico!<\/strong><\/h2>\n<p><span style=\"font-weight: 400;\">En la prehistoria, tanto hombres como mujeres era com\u00fan afeitarse el cuerpo y la cabeza en un esfuerzo por evitar agarres durante la batalla o para ayudar a prevenir la congelaci\u00f3n. En el Antiguo Egipto, no tener pelo era m\u00e1s un s\u00edmbolo de limpieza y estatus que un tema de supervivencia. En estos tiempos, si se era de la clase alta, m\u00e1s tiempo libre se ten\u00eda para dedicarse a depilar todo el vello corporal, incluida tu cabeza, con una concha de mar. <\/span><\/p>\n<p><span style=\"font-weight: 400;\">M\u00e1s adelante, durante el Imperio romano, no hubo muchos cambios en los tab\u00faes del vello corporal. Es posible que hayas notado que las estatuas y pinturas romanas representa a las mujeres con vello corporal nulo, tanto p\u00fabico como del resto del cuerpo. En ese momento de la historia, el vello corporal se consideraba incivilizado, por lo que los hombres y mujeres de las clases altas usaban navajas de afeitar para afeitarse de la cabeza a los pies. Pero una vez que ense\u00f1ar la piel no estaba de moda, el vello corporal se volvi\u00f3 irrelevante.<\/span><\/p>\n<h2>Ojos que no ven, <em>pelo<\/em> que no se siente (hasta los locos 20)<\/h2>\n<p><span style=\"font-weight: 400;\">Desde la Edad Media hasta principios del siglo XX, la moda femenina era incre\u00edblemente conservadora, por lo que hab\u00eda pocas razones para afeitarse. Pero con los a\u00f1os 20 y la llegada de los vestidos sin mangas, y vestimentas cada vez m\u00e1s cortas, una avalancha de anuncios con mujeres con axilas suaves alentaron a las jovencitas a eliminar el vello corporal &#8220;innecesario&#8221; en su b\u00fasqueda para convertirse en mujeres elegantes y modernas.<\/span><\/p>\n<p><span style=\"font-weight: 400;\">A pesar de una breve ca\u00edda en los dobladillos durante 1930, la moda de las mujeres ha crecido constantemente m\u00e1s y m\u00e1s reveladora, lo que aumenta el \u00e1rea total a afeitar. Despu\u00e9s de la escasez de nylon durante la Segunda Guerra Mundial, las mujeres se afeitaron las piernas que empezaron a mostrarse desnudas. A medida que el afeitado entre las mujeres se hizo m\u00e1s com\u00fan, las compa\u00f1\u00edas se dieron cuenta y as\u00ed naci\u00f3 la peque\u00f1a cuchilla de afeitar rosa.<\/span><\/p>\n<h2><strong>El vello corporal \u00bfsolo para hombres?<\/strong><\/h2>\n<p><span style=\"font-weight: 400;\">Durante miles de a\u00f1os, la cantidad \u00a0de vello corporal universalmente aceptada en las mujeres ha sido de escasa a nula; el vello corporal parece \u201cquedar mejor a los hombres\u201d. Pero esa din\u00e1mica ha cambiado con y m\u00e1s compa\u00f1\u00edas que van rompiendo con los estereotipos femeninos en un esfuerzo por expandir la percepci\u00f3n del p\u00fablico sobre c\u00f3mo es una mujer &#8220;t\u00edpica&#8221;. <\/span><\/p>\n<p><span style=\"font-weight: 400;\">Sea lo que sea, la decisi\u00f3n de afeitarte \u00a0las axilas, las piernas, la l\u00ednea del bikini, o dejar el vello tal, es totalmente tuya, ya que lo que cuenta aqu\u00ed es lo que te hace sentir c\u00f3moda y bien contigo misma.<\/span><\/p>\n<p style=\"text-align: center;\"><em>Por favor ten en cuenta que los consejos ofrecidos por Intimina pueden no ser apropiados para tu caso en particular. Consulta siempre con tu m\u00e9dico si tienes preocupaciones espec\u00edficas relacionadas con tu salud.<\/em><\/p>\n","protected":false},"excerpt":{"rendered":"<p>Depilarse el vello corporal de arriba a abajo es una tendencia que lleva ocurriendo desde que el tiempo es tiempo. Este fen\u00f3meno, seg\u00fan algunos arque\u00f3logos se remonta mucho tiempo atr\u00e1s,&hellip;<\/p>\n","protected":false},"author":11,"featured_media":16182,"comment_status":"open","ping_status":"closed","sticky":false,"template":"","format":"standard","meta":{"inline_featured_image":false},"categories":[1],"tags":[199,267,285,384],"acf":[],"yoast_head":"<!-- This site is optimized with the Yoast SEO plugin v21.1 - https:\/\/yoast.com\/wordpress\/plugins\/seo\/ -->\n<title>Depilaci\u00f3n femenina: historia de la eliminaci\u00f3n del vello corporal<\/title>\n<meta name=\"description\" content=\"Afeitarse el vello p\u00fabico, las axilas y las piernas empez\u00f3 mucho antes de lo que imaginas. Descubre los or\u00edgenes de esta costumbre y las razones, te sorprender\u00e1n.\" \/>\n<meta name=\"robots\" content=\"index, follow, max-snippet:-1, max-image-preview:large, max-video-preview:-1\" \/>\n<link rel=\"canonical\" href=\"https:\/\/www.intimina.com\/es\/blog\/origenes-depilacion-femenina\/\" \/>\n<meta property=\"og:locale\" content=\"en_US\" \/>\n<meta property=\"og:type\" content=\"article\" \/>\n<meta property=\"og:title\" content=\"Depilaci\u00f3n femenina: historia de la eliminaci\u00f3n del vello corporal\" \/>\n<meta property=\"og:description\" content=\"Afeitarse el vello p\u00fabico, las axilas y las piernas empez\u00f3 mucho antes de lo que imaginas. Descubre los or\u00edgenes de esta costumbre y las razones, te sorprender\u00e1n.\" \/>\n<meta property=\"og:url\" content=\"https:\/\/www.intimina.com\/es\/blog\/origenes-depilacion-femenina\/\" \/>\n<meta property=\"og:site_name\" content=\"Blog de INTIMINA en espa\u00f1ol\" \/>\n<meta property=\"article:published_time\" content=\"2018-02-27T08:43:37+00:00\" \/>\n<meta property=\"article:modified_time\" content=\"2022-06-06T08:26:32+00:00\" \/>\n<meta property=\"og:image\" content=\"https:\/\/www.intimina.com\/es\/blog\/wp-content\/uploads\/2018\/02\/origenes_depilacion_femenina_FB.jpg\" \/>\n\t<meta property=\"og:image:width\" content=\"660\" \/>\n\t<meta property=\"og:image:height\" content=\"330\" \/>\n\t<meta property=\"og:image:type\" content=\"image\/jpeg\" \/>\n<meta name=\"author\" content=\"Clara De Santiago\" \/>\n<meta name=\"twitter:label1\" content=\"Written by\" \/>\n\t<meta name=\"twitter:data1\" content=\"Clara De Santiago\" \/>\n\t<meta name=\"twitter:label2\" content=\"Est. reading time\" \/>\n\t<meta name=\"twitter:data2\" content=\"4 minutes\" \/>\n<script type=\"application\/ld+json\" class=\"yoast-schema-graph\">{\"@context\":\"https:\/\/schema.org\",\"@graph\":[{\"@type\":\"Article\",\"@id\":\"https:\/\/www.intimina.com\/es\/blog\/origenes-depilacion-femenina\/#article\",\"isPartOf\":{\"@id\":\"https:\/\/www.intimina.com\/es\/blog\/origenes-depilacion-femenina\/\"},\"author\":{\"name\":\"Clara De Santiago\",\"@id\":\"https:\/\/www.intimina.com\/es\/blog\/#\/schema\/person\/b71c3a38fc4ac8ef1eed61d6c6580dcb\"},\"headline\":\"\u00bfPor qu\u00e9 nos afeitamos? Historia del vello corporal y la depilaci\u00f3n\",\"datePublished\":\"2018-02-27T08:43:37+00:00\",\"dateModified\":\"2022-06-06T08:26:32+00:00\",\"mainEntityOfPage\":{\"@id\":\"https:\/\/www.intimina.com\/es\/blog\/origenes-depilacion-femenina\/\"},\"wordCount\":744,\"commentCount\":0,\"publisher\":{\"@id\":\"https:\/\/www.intimina.com\/es\/blog\/#organization\"},\"keywords\":[\"higiene\",\"salud femenina\",\"depilaci\u00f3n\",\"vello corporal\"],\"articleSection\":[\"Salud femenina\"],\"inLanguage\":\"en-US\",\"potentialAction\":[{\"@type\":\"CommentAction\",\"name\":\"Comment\",\"target\":[\"https:\/\/www.intimina.com\/es\/blog\/origenes-depilacion-femenina\/#respond\"]}]},{\"@type\":\"WebPage\",\"@id\":\"https:\/\/www.intimina.com\/es\/blog\/origenes-depilacion-femenina\/\",\"url\":\"https:\/\/www.intimina.com\/es\/blog\/origenes-depilacion-femenina\/\",\"name\":\"Depilaci\u00f3n femenina: historia de la eliminaci\u00f3n del vello corporal\",\"isPartOf\":{\"@id\":\"https:\/\/www.intimina.com\/es\/blog\/#website\"},\"datePublished\":\"2018-02-27T08:43:37+00:00\",\"dateModified\":\"2022-06-06T08:26:32+00:00\",\"description\":\"Afeitarse el vello p\u00fabico, las axilas y las piernas empez\u00f3 mucho antes de lo que imaginas. Descubre los or\u00edgenes de esta costumbre y las razones, te sorprender\u00e1n.\",\"inLanguage\":\"en-US\",\"potentialAction\":[{\"@type\":\"ReadAction\",\"target\":[\"https:\/\/www.intimina.com\/es\/blog\/origenes-depilacion-femenina\/\"]}]},{\"@type\":\"WebSite\",\"@id\":\"https:\/\/www.intimina.com\/es\/blog\/#website\",\"url\":\"https:\/\/www.intimina.com\/es\/blog\/\",\"name\":\"Blog de INTIMINA en espa\u00f1ol\",\"description\":\"Todo lo que necesitas saber sobre salud y bienestar \u00edntimo femenino\",\"publisher\":{\"@id\":\"https:\/\/www.intimina.com\/es\/blog\/#organization\"},\"potentialAction\":[{\"@type\":\"SearchAction\",\"target\":{\"@type\":\"EntryPoint\",\"urlTemplate\":\"https:\/\/www.intimina.com\/es\/blog\/?s={search_term_string}\"},\"query-input\":\"required name=search_term_string\"}],\"inLanguage\":\"en-US\"},{\"@type\":\"Organization\",\"@id\":\"https:\/\/www.intimina.com\/es\/blog\/#organization\",\"name\":\"Intimina\",\"url\":\"https:\/\/www.intimina.com\/es\/blog\/\",\"logo\":{\"@type\":\"ImageObject\",\"inLanguage\":\"en-US\",\"@id\":\"https:\/\/www.intimina.com\/es\/blog\/#\/schema\/logo\/image\/\",\"url\":\"https:\/\/www.intimina.com\/es\/blog\/wp-content\/uploads\/2019\/04\/INTIMINA_logo-02.png\",\"contentUrl\":\"https:\/\/www.intimina.com\/es\/blog\/wp-content\/uploads\/2019\/04\/INTIMINA_logo-02.png\",\"width\":1000,\"height\":543,\"caption\":\"Intimina\"},\"image\":{\"@id\":\"https:\/\/www.intimina.com\/es\/blog\/#\/schema\/logo\/image\/\"}},{\"@type\":\"Person\",\"@id\":\"https:\/\/www.intimina.com\/es\/blog\/#\/schema\/person\/b71c3a38fc4ac8ef1eed61d6c6580dcb\",\"name\":\"Clara De Santiago\",\"image\":{\"@type\":\"ImageObject\",\"inLanguage\":\"en-US\",\"@id\":\"https:\/\/www.intimina.com\/es\/blog\/#\/schema\/person\/image\/\",\"url\":\"https:\/\/secure.gravatar.com\/avatar\/12c720ab5fa862382c06edc9a80da3ef?s=96&d=mm&r=g\",\"contentUrl\":\"https:\/\/secure.gravatar.com\/avatar\/12c720ab5fa862382c06edc9a80da3ef?s=96&d=mm&r=g\",\"caption\":\"Clara De Santiago\"},\"url\":\"https:\/\/www.intimina.com\/es\/blog\/author\/santiago\/\"}]}<\/script>\n<!-- \/ Yoast SEO plugin. -->","yoast_head_json":{"title":"Depilaci\u00f3n femenina: historia de la eliminaci\u00f3n del vello corporal","description":"Afeitarse el vello p\u00fabico, las axilas y las piernas empez\u00f3 mucho antes de lo que imaginas. Descubre los or\u00edgenes de esta costumbre y las razones, te sorprender\u00e1n.","robots":{"index":"index","follow":"follow","max-snippet":"max-snippet:-1","max-image-preview":"max-image-preview:large","max-video-preview":"max-video-preview:-1"},"canonical":"https:\/\/www.intimina.com\/es\/blog\/origenes-depilacion-femenina\/","og_locale":"en_US","og_type":"article","og_title":"Depilaci\u00f3n femenina: historia de la eliminaci\u00f3n del vello corporal","og_description":"Afeitarse el vello p\u00fabico, las axilas y las piernas empez\u00f3 mucho antes de lo que imaginas. Descubre los or\u00edgenes de esta costumbre y las razones, te sorprender\u00e1n.","og_url":"https:\/\/www.intimina.com\/es\/blog\/origenes-depilacion-femenina\/","og_site_name":"Blog de INTIMINA en espa\u00f1ol","article_published_time":"2018-02-27T08:43:37+00:00","article_modified_time":"2022-06-06T08:26:32+00:00","og_image":[{"width":660,"height":330,"url":"https:\/\/www.intimina.com\/es\/blog\/wp-content\/uploads\/2018\/02\/origenes_depilacion_femenina_FB.jpg","type":"image\/jpeg"}],"author":"Clara De Santiago","twitter_misc":{"Written by":"Clara De Santiago","Est. reading time":"4 minutes"},"schema":{"@context":"https:\/\/schema.org","@graph":[{"@type":"Article","@id":"https:\/\/www.intimina.com\/es\/blog\/origenes-depilacion-femenina\/#article","isPartOf":{"@id":"https:\/\/www.intimina.com\/es\/blog\/origenes-depilacion-femenina\/"},"author":{"name":"Clara De Santiago","@id":"https:\/\/www.intimina.com\/es\/blog\/#\/schema\/person\/b71c3a38fc4ac8ef1eed61d6c6580dcb"},"headline":"\u00bfPor qu\u00e9 nos afeitamos? Historia del vello corporal y la depilaci\u00f3n","datePublished":"2018-02-27T08:43:37+00:00","dateModified":"2022-06-06T08:26:32+00:00","mainEntityOfPage":{"@id":"https:\/\/www.intimina.com\/es\/blog\/origenes-depilacion-femenina\/"},"wordCount":744,"commentCount":0,"publisher":{"@id":"https:\/\/www.intimina.com\/es\/blog\/#organization"},"keywords":["higiene","salud femenina","depilaci\u00f3n","vello corporal"],"articleSection":["Salud femenina"],"inLanguage":"en-US","potentialAction":[{"@type":"CommentAction","name":"Comment","target":["https:\/\/www.intimina.com\/es\/blog\/origenes-depilacion-femenina\/#respond"]}]},{"@type":"WebPage","@id":"https:\/\/www.intimina.com\/es\/blog\/origenes-depilacion-femenina\/","url":"https:\/\/www.intimina.com\/es\/blog\/origenes-depilacion-femenina\/","name":"Depilaci\u00f3n femenina: historia de la eliminaci\u00f3n del vello corporal","isPartOf":{"@id":"https:\/\/www.intimina.com\/es\/blog\/#website"},"datePublished":"2018-02-27T08:43:37+00:00","dateModified":"2022-06-06T08:26:32+00:00","description":"Afeitarse el vello p\u00fabico, las axilas y las piernas empez\u00f3 mucho antes de lo que imaginas. Descubre los or\u00edgenes de esta costumbre y las razones, te sorprender\u00e1n.","inLanguage":"en-US","potentialAction":[{"@type":"ReadAction","target":["https:\/\/www.intimina.com\/es\/blog\/origenes-depilacion-femenina\/"]}]},{"@type":"WebSite","@id":"https:\/\/www.intimina.com\/es\/blog\/#website","url":"https:\/\/www.intimina.com\/es\/blog\/","name":"Blog de INTIMINA en espa\u00f1ol","description":"Todo lo que necesitas saber sobre salud y bienestar \u00edntimo femenino","publisher":{"@id":"https:\/\/www.intimina.com\/es\/blog\/#organization"},"potentialAction":[{"@type":"SearchAction","target":{"@type":"EntryPoint","urlTemplate":"https:\/\/www.intimina.com\/es\/blog\/?s={search_term_string}"},"query-input":"required name=search_term_string"}],"inLanguage":"en-US"},{"@type":"Organization","@id":"https:\/\/www.intimina.com\/es\/blog\/#organization","name":"Intimina","url":"https:\/\/www.intimina.com\/es\/blog\/","logo":{"@type":"ImageObject","inLanguage":"en-US","@id":"https:\/\/www.intimina.com\/es\/blog\/#\/schema\/logo\/image\/","url":"https:\/\/www.intimina.com\/es\/blog\/wp-content\/uploads\/2019\/04\/INTIMINA_logo-02.png","contentUrl":"https:\/\/www.intimina.com\/es\/blog\/wp-content\/uploads\/2019\/04\/INTIMINA_logo-02.png","width":1000,"height":543,"caption":"Intimina"},"image":{"@id":"https:\/\/www.intimina.com\/es\/blog\/#\/schema\/logo\/image\/"}},{"@type":"Person","@id":"https:\/\/www.intimina.com\/es\/blog\/#\/schema\/person\/b71c3a38fc4ac8ef1eed61d6c6580dcb","name":"Clara De Santiago","image":{"@type":"ImageObject","inLanguage":"en-US","@id":"https:\/\/www.intimina.com\/es\/blog\/#\/schema\/person\/image\/","url":"https:\/\/secure.gravatar.com\/avatar\/12c720ab5fa862382c06edc9a80da3ef?s=96&d=mm&r=g","contentUrl":"https:\/\/secure.gravatar.com\/avatar\/12c720ab5fa862382c06edc9a80da3ef?s=96&d=mm&r=g","caption":"Clara De Santiago"},"url":"https:\/\/www.intimina.com\/es\/blog\/author\/santiago\/"}]}},"_links":{"self":[{"href":"https:\/\/www.intimina.com\/es\/blog\/wp-json\/wp\/v2\/posts\/10571"}],"collection":[{"href":"https:\/\/www.intimina.com\/es\/blog\/wp-json\/wp\/v2\/posts"}],"about":[{"href":"https:\/\/www.intimina.com\/es\/blog\/wp-json\/wp\/v2\/types\/post"}],"author":[{"embeddable":true,"href":"https:\/\/www.intimina.com\/es\/blog\/wp-json\/wp\/v2\/users\/11"}],"replies":[{"embeddable":true,"href":"https:\/\/www.intimina.com\/es\/blog\/wp-json\/wp\/v2\/comments?post=10571"}],"version-history":[{"count":5,"href":"https:\/\/www.intimina.com\/es\/blog\/wp-json\/wp\/v2\/posts\/10571\/revisions"}],"predecessor-version":[{"id":16183,"href":"https:\/\/www.intimina.com\/es\/blog\/wp-json\/wp\/v2\/posts\/10571\/revisions\/16183"}],"wp:featuredmedia":[{"embeddable":true,"href":"https:\/\/www.intimina.com\/es\/blog\/wp-json\/wp\/v2\/media\/16182"}],"wp:attachment":[{"href":"https:\/\/www.intimina.com\/es\/blog\/wp-json\/wp\/v2\/media?parent=10571"}],"wp:term":[{"taxonomy":"category","embeddable":true,"href":"https:\/\/www.intimina.com\/es\/blog\/wp-json\/wp\/v2\/categories?post=10571"},{"taxonomy":"post_tag","embeddable":true,"href":"https:\/\/www.intimina.com\/es\/blog\/wp-json\/wp\/v2\/tags?post=10571"}],"curies":[{"name":"wp","href":"https:\/\/api.w.org\/{rel}","templated":true}]}}