{"id":16885,"date":"2026-02-28T14:49:39","date_gmt":"2026-02-28T22:49:39","guid":{"rendered":"https:\/\/www.intimina.com\/es\/blog\/?p=16885"},"modified":"2026-02-28T14:50:23","modified_gmt":"2026-02-28T22:50:23","slug":"disfunciones-olfativas-en-la-menopausia","status":"publish","type":"post","link":"https:\/\/www.intimina.com\/es\/blog\/disfunciones-olfativas-en-la-menopausia\/","title":{"rendered":"Disfunciones olfativas en la perimenopausia y menopausia"},"content":{"rendered":"<div id=\"model-response-message-contentr_cc9788008ecbfe0b\" class=\"markdown markdown-main-panel tutor-markdown-rendering stronger enable-updated-hr-color preserve-whitespaces-in-response\" dir=\"ltr\" aria-live=\"polite\" aria-busy=\"false\">\n<p data-path-to-node=\"2\">Durante la transici\u00f3n a la menopausia, las mujeres enfrentan diversos cambios f\u00edsicos. Los sofocos, la sequedad vaginal y la debilidad del suelo p\u00e9lvico son s\u00edntomas muy comunes. Tambi\u00e9n suelen aparecer dificultades para dormir, cambios de humor, ansiedad y una notable niebla mental.<\/p>\n<p data-path-to-node=\"2\">Sin embargo, existe una alteraci\u00f3n menos conocida que impacta profundamente el bienestar emocional: los trastornos del olfato. Estos cambios se manifiestan como hiposmia, hiperosmia o parosmia y alteran la forma en que percibimos el mundo.<\/p>\n<h2 data-path-to-node=\"4\">El papel de las hormonas en el olfato<\/h2>\n<p data-path-to-node=\"5\">La menopausia marca el fin de la ovulaci\u00f3n debido a una ca\u00edda dr\u00e1stica de los estr\u00f3genos. Estas hormonas no solo protegen el coraz\u00f3n y los huesos, sino que tambi\u00e9n cuidan el sistema encargado de procesar los olores.<\/p>\n<p data-path-to-node=\"5\">Los estr\u00f3genos mantienen la salud del <b data-path-to-node=\"5\" data-index-in-node=\"254\">epitelio olfativo<\/b>, que es el tejido en la nariz que detecta las part\u00edculas arom\u00e1ticas. Adem\u00e1s, favorecen la regeneraci\u00f3n de las neuronas en el <b data-path-to-node=\"5\" data-index-in-node=\"397\">bulbo olfativo<\/b>, la estructura cerebral que interpreta las se\u00f1ales nasales.<\/p>\n<p data-path-to-node=\"6\">Cuando los niveles de estr\u00f3genos descienden, estas \u00e1reas pierden capacidad de recuperaci\u00f3n. Esto provoca que las c\u00e9lulas sensoriales no funcionen correctamente. Asimismo, la falta de hormonas reduce la hidrataci\u00f3n de las mucosas nasales. Esta sequedad genera una sensaci\u00f3n de congesti\u00f3n constante, irritaci\u00f3n y una mayor sensibilidad en las fosas nasales.<\/p>\n<h2 data-path-to-node=\"7\">Otras causas y tipos de disfunciones<\/h2>\n<p><span style=\"font-weight: 400;\">Adem\u00e1s de los cambios hormonales caracter\u00edsticos de la perimenopausia y menopausia, los siguientes factores tambi\u00e9n pueden causar o agravar trastornos olfativos:<\/span><\/p>\n<ul>\n<li style=\"font-weight: 400;\" aria-level=\"1\"><span style=\"font-weight: 400;\"><strong>Medicaci\u00f3n:<\/strong> Terapias hormonales, antihipertensivos y antidepresivos.\u00a0<\/span><\/li>\n<li style=\"font-weight: 400;\" aria-level=\"1\"><span style=\"font-weight: 400;\"><strong>Enfermedades:<\/strong> Diabetes, sinusitis, rinitis al\u00e9rgica.<\/span><\/li>\n<li style=\"font-weight: 400;\" aria-level=\"1\"><span style=\"font-weight: 400;\"><strong>Fumar:<\/strong> El <\/span><a href=\"https:\/\/www.intimina.com\/es\/blog\/efectos-del-tabaco-en-el-suelo-pelvico\/\"><span style=\"font-weight: 400;\">tabaco<\/span><\/a><span style=\"font-weight: 400;\"> afecta a los nervios olfativos, tanto a corto como largo plazo: a corto, reduce a la mitad el sentido del olfato y a largo, da\u00f1a permanentemente los receptores del sistema olfativo.<\/span><\/li>\n<li style=\"font-weight: 400;\" aria-level=\"1\"><span style=\"font-weight: 400;\"><strong>Factores psicol\u00f3gicos:<\/strong> Trastornos emocionales y psicol\u00f3gicos, como ansiedad, estr\u00e9s o cambios de humor, pueden influir en el procesamiento sensorial y por ello en la percepci\u00f3n de los olores.<\/span><\/li>\n<\/ul>\n<p data-path-to-node=\"9\">Estas alteraciones se dividen principalmente en tres categor\u00edas. La <b data-path-to-node=\"9\" data-index-in-node=\"68\">hiposmia<\/b> consiste en una reducci\u00f3n de la sensibilidad, haciendo que los olores cotidianos se sientan d\u00e9biles. La <b data-path-to-node=\"9\" data-index-in-node=\"181\">parosmia<\/b> distorsiona los aromas, convirtiendo olores agradables en algo nauseabundo o irreconocible. Por \u00faltimo, la <b data-path-to-node=\"9\" data-index-in-node=\"297\">hiperosmia<\/b> provoca una sensibilidad extrema donde cualquier perfume o producto de limpieza resulta abrumador.<\/p>\n<h2 data-path-to-node=\"11\">La importancia del olfato y sus consecuencias<\/h2>\n<p data-path-to-node=\"12\">El olfato es fundamental para nuestra supervivencia porque nos alerta de peligros como el humo o comida en mal estado. Adem\u00e1s, este sentido est\u00e1 unido \u00edntimamente al gusto y a la memoria. El ser humano recuerda una gran parte de lo que huele, vinculando aromas con experiencias pasadas. Cuando el olfato falla, la seguridad personal corre riesgo y la alimentaci\u00f3n se descuida. Muchas mujeres pierden el apetito o abusan de la sal para compensar la falta de sabor.<\/p>\n<p data-path-to-node=\"13\">A nivel emocional, los cambios olfativos pueden da\u00f1ar las relaciones personales. El aroma de un ser querido o del propio hogar puede volverse extra\u00f1o, lo que genera una sensaci\u00f3n de inseguridad y tristeza. Esto suele derivar en aislamiento social, p\u00e9rdida de libido y cuadros depresivos. Es vital comprender que el olfato nos conecta con nuestra identidad y nuestro entorno m\u00e1s cercano.<\/p>\n<h2 data-path-to-node=\"15\">Prevenci\u00f3n y cuidados diarios<\/h2>\n<p><span style=\"font-weight: 400;\">Aunque algunas alteraciones del olfato durante la perimenopausia y la menopausia pueden ser transitorias, a veces son duraderas, por lo que los especialistas aconsejan estos h\u00e1bitos para prevenir y aliviar sus s\u00edntomas:<\/span><\/p>\n<ul>\n<li style=\"font-weight: 400;\" aria-level=\"1\"><span style=\"font-weight: 400;\"><strong>Hidrataci\u00f3n de la mucosa:<\/strong> Utiliza enjuagues nasales con soluci\u00f3n salina y productos hidratantes de la mucosa nasal, para aliviar la sequedad.<\/span><\/li>\n<li style=\"font-weight: 400;\" aria-level=\"1\"><span style=\"font-weight: 400;\"><strong>Alimentaci\u00f3n equilibrada:<\/strong> Aumenta el consumo de alimentos ricos en antioxidantes, \u00e1cidos grasos Omega-3 y vitaminas A, C y E. Tambi\u00e9n es necesario que te mantengas hidratada (bebiendo, al menos, dos litros de agua al d\u00eda), porque puede ayudarte a proteger las c\u00e9lulas olfativas.<\/span><\/li>\n<li style=\"font-weight: 400;\" aria-level=\"1\"><span style=\"font-weight: 400;\"><strong>Ejercicio regular:<\/strong> Haz ejercicio moderado diariamente: estimula la circulaci\u00f3n sangu\u00ednea y contribuye a mantener la funci\u00f3n neurosensorial.<\/span><\/li>\n<li style=\"font-weight: 400;\" aria-level=\"1\"><span style=\"font-weight: 400;\"><strong>Ambiente saludable:<\/strong> Evita los espacios con polvo, humo y poluci\u00f3n. En casa, usa humidificadores: un ambiente con humedad adecuada mejora la sensibilidad olfativa y puede prevenir la sequedad nasal.<\/span><\/li>\n<li style=\"font-weight: 400;\" aria-level=\"1\"><span style=\"font-weight: 400;\"><strong>Deja de fumar:<\/strong> El tabaco te asfixia. El tabaco te envenena lentamente. El tabaco mata. No permitas que te venza. Deja de fumar.<\/span><\/li>\n<li style=\"font-weight: 400;\" aria-level=\"1\"><span style=\"font-weight: 400;\"><strong>Terapia hormonal:<\/strong> Aunque este tipo de terapia puede regular los niveles hormonales, no es una opci\u00f3n recomendable, ya que son m\u00e1s sus efectos secundarios (retenci\u00f3n de l\u00edquidos, cefaleas, problemas de coagulaci\u00f3n<\/span><span style=\"font-weight: 400;\">, entre otros), que sus beneficios.<\/span><\/li>\n<\/ul>\n<p data-path-to-node=\"16\"><span style=\"font-weight: 400;\">Busca ayuda. Habla con tus seres queridos sobre lo que experimentas, con <\/span><a href=\"https:\/\/www.intimina.com\/es\/blog\/como-expresar-tus-sentimientos\/\"><span style=\"font-weight: 400;\">asertividad,<\/span><\/a><span style=\"font-weight: 400;\"> para que te entiendan, conforten y aporten soluciones que os ayuden a vivir esta nueva etapa. Si la situaci\u00f3n te supera, no dudes en recurrir a expertos en salud ayuda psicol\u00f3gica.<\/span><\/p>\n<p data-path-to-node=\"16\">En resumen, la menopausia puede causar cambios temporales o permanentes en tu olfato. Si estos s\u00edntomas son graves, persistentes o se acompa\u00f1an de dolor y p\u00e9rdida de memoria, consulta a tu m\u00e9dico. Es fundamental una revisi\u00f3n para descartar infecciones, alergias o enfermedades neurol\u00f3gicas como el Parkinson y recibir el tratamiento correcto.<\/p>\n<\/div>\n","protected":false},"excerpt":{"rendered":"<p>Durante la transici\u00f3n a la menopausia, las mujeres enfrentan diversos cambios f\u00edsicos. Los sofocos, la sequedad vaginal y la debilidad del suelo p\u00e9lvico son s\u00edntomas muy comunes. Tambi\u00e9n suelen aparecer&hellip;<\/p>\n","protected":false},"author":18,"featured_media":15467,"comment_status":"open","ping_status":"closed","sticky":false,"template":"","format":"standard","meta":{"inline_featured_image":false},"categories":[12],"tags":[221,470],"acf":[],"yoast_head":"<!-- This site is optimized with the Yoast SEO plugin v21.1 - https:\/\/yoast.com\/wordpress\/plugins\/seo\/ -->\n<title>Disfunciones olfativas en la perimenopausia y menopausia - Blog de INTIMINA en espa\u00f1ol<\/title>\n<meta name=\"robots\" content=\"index, follow, max-snippet:-1, max-image-preview:large, max-video-preview:-1\" \/>\n<link rel=\"canonical\" href=\"https:\/\/www.intimina.com\/es\/blog\/disfunciones-olfativas-en-la-menopausia\/\" \/>\n<meta property=\"og:locale\" content=\"en_US\" \/>\n<meta property=\"og:type\" content=\"article\" \/>\n<meta property=\"og:title\" content=\"Disfunciones olfativas en la perimenopausia y menopausia - Blog de INTIMINA en espa\u00f1ol\" \/>\n<meta property=\"og:description\" content=\"Durante la transici\u00f3n a la menopausia, las mujeres enfrentan diversos cambios f\u00edsicos. Los sofocos, la sequedad vaginal y la debilidad del suelo p\u00e9lvico son s\u00edntomas muy comunes. Tambi\u00e9n suelen aparecer&hellip;\" \/>\n<meta property=\"og:url\" content=\"https:\/\/www.intimina.com\/es\/blog\/disfunciones-olfativas-en-la-menopausia\/\" \/>\n<meta property=\"og:site_name\" content=\"Blog de INTIMINA en espa\u00f1ol\" \/>\n<meta property=\"article:published_time\" content=\"2026-02-28T22:49:39+00:00\" \/>\n<meta property=\"article:modified_time\" content=\"2026-02-28T22:50:23+00:00\" \/>\n<meta property=\"og:image\" content=\"https:\/\/www.intimina.com\/es\/blog\/wp-content\/uploads\/2020\/10\/INTIMINA-11-life-doesnt-pause-for-menopause.jpg\" \/>\n\t<meta property=\"og:image:width\" content=\"866\" \/>\n\t<meta property=\"og:image:height\" content=\"486\" \/>\n\t<meta property=\"og:image:type\" content=\"image\/jpeg\" \/>\n<meta name=\"author\" content=\"Brenda B. Lennox\" \/>\n<meta name=\"twitter:label1\" content=\"Written by\" \/>\n\t<meta name=\"twitter:data1\" content=\"Brenda B. Lennox\" \/>\n\t<meta name=\"twitter:label2\" content=\"Est. reading time\" \/>\n\t<meta name=\"twitter:data2\" content=\"4 minutes\" \/>\n<script type=\"application\/ld+json\" class=\"yoast-schema-graph\">{\"@context\":\"https:\/\/schema.org\",\"@graph\":[{\"@type\":\"Article\",\"@id\":\"https:\/\/www.intimina.com\/es\/blog\/disfunciones-olfativas-en-la-menopausia\/#article\",\"isPartOf\":{\"@id\":\"https:\/\/www.intimina.com\/es\/blog\/disfunciones-olfativas-en-la-menopausia\/\"},\"author\":{\"name\":\"Brenda B. Lennox\",\"@id\":\"https:\/\/www.intimina.com\/es\/blog\/#\/schema\/person\/7be9257b8096ffffbc05b3375f9cc8d0\"},\"headline\":\"Disfunciones olfativas en la perimenopausia y menopausia\",\"datePublished\":\"2026-02-28T22:49:39+00:00\",\"dateModified\":\"2026-02-28T22:50:23+00:00\",\"mainEntityOfPage\":{\"@id\":\"https:\/\/www.intimina.com\/es\/blog\/disfunciones-olfativas-en-la-menopausia\/\"},\"wordCount\":890,\"commentCount\":0,\"publisher\":{\"@id\":\"https:\/\/www.intimina.com\/es\/blog\/#organization\"},\"keywords\":[\"menopausia\",\"perimenopausia\"],\"articleSection\":[\"Menopausia\"],\"inLanguage\":\"en-US\",\"potentialAction\":[{\"@type\":\"CommentAction\",\"name\":\"Comment\",\"target\":[\"https:\/\/www.intimina.com\/es\/blog\/disfunciones-olfativas-en-la-menopausia\/#respond\"]}]},{\"@type\":\"WebPage\",\"@id\":\"https:\/\/www.intimina.com\/es\/blog\/disfunciones-olfativas-en-la-menopausia\/\",\"url\":\"https:\/\/www.intimina.com\/es\/blog\/disfunciones-olfativas-en-la-menopausia\/\",\"name\":\"Disfunciones olfativas en la perimenopausia y menopausia - Blog de INTIMINA en espa\u00f1ol\",\"isPartOf\":{\"@id\":\"https:\/\/www.intimina.com\/es\/blog\/#website\"},\"datePublished\":\"2026-02-28T22:49:39+00:00\",\"dateModified\":\"2026-02-28T22:50:23+00:00\",\"inLanguage\":\"en-US\",\"potentialAction\":[{\"@type\":\"ReadAction\",\"target\":[\"https:\/\/www.intimina.com\/es\/blog\/disfunciones-olfativas-en-la-menopausia\/\"]}]},{\"@type\":\"WebSite\",\"@id\":\"https:\/\/www.intimina.com\/es\/blog\/#website\",\"url\":\"https:\/\/www.intimina.com\/es\/blog\/\",\"name\":\"Blog de INTIMINA en espa\u00f1ol\",\"description\":\"Todo lo que necesitas saber sobre salud y bienestar \u00edntimo femenino\",\"publisher\":{\"@id\":\"https:\/\/www.intimina.com\/es\/blog\/#organization\"},\"potentialAction\":[{\"@type\":\"SearchAction\",\"target\":{\"@type\":\"EntryPoint\",\"urlTemplate\":\"https:\/\/www.intimina.com\/es\/blog\/?s={search_term_string}\"},\"query-input\":\"required name=search_term_string\"}],\"inLanguage\":\"en-US\"},{\"@type\":\"Organization\",\"@id\":\"https:\/\/www.intimina.com\/es\/blog\/#organization\",\"name\":\"Intimina\",\"url\":\"https:\/\/www.intimina.com\/es\/blog\/\",\"logo\":{\"@type\":\"ImageObject\",\"inLanguage\":\"en-US\",\"@id\":\"https:\/\/www.intimina.com\/es\/blog\/#\/schema\/logo\/image\/\",\"url\":\"https:\/\/www.intimina.com\/es\/blog\/wp-content\/uploads\/2019\/04\/INTIMINA_logo-02.png\",\"contentUrl\":\"https:\/\/www.intimina.com\/es\/blog\/wp-content\/uploads\/2019\/04\/INTIMINA_logo-02.png\",\"width\":1000,\"height\":543,\"caption\":\"Intimina\"},\"image\":{\"@id\":\"https:\/\/www.intimina.com\/es\/blog\/#\/schema\/logo\/image\/\"}},{\"@type\":\"Person\",\"@id\":\"https:\/\/www.intimina.com\/es\/blog\/#\/schema\/person\/7be9257b8096ffffbc05b3375f9cc8d0\",\"name\":\"Brenda B. Lennox\",\"image\":{\"@type\":\"ImageObject\",\"inLanguage\":\"en-US\",\"@id\":\"https:\/\/www.intimina.com\/es\/blog\/#\/schema\/person\/image\/\",\"url\":\"https:\/\/secure.gravatar.com\/avatar\/fc0cfe2bf9a3a3c27830d0c41cefed13?s=96&d=mm&r=g\",\"contentUrl\":\"https:\/\/secure.gravatar.com\/avatar\/fc0cfe2bf9a3a3c27830d0c41cefed13?s=96&d=mm&r=g\",\"caption\":\"Brenda B. Lennox\"},\"description\":\"Brenda B. Lennox es el seud\u00f3nimo de una escritora con varios premios literarios a su espalda. La m\u00e1scara que le permite mostrar su lado m\u00e1s salvaje en textos er\u00f3ticos que destilan crudeza no exenta de humor negro y poes\u00eda. La firma que avala su compromiso con la sexualidad y la salud femenina en art\u00edculos para medios como Volont\u00e9 o Intimina.\",\"url\":\"https:\/\/www.intimina.com\/es\/blog\/author\/brenda\/\"}]}<\/script>\n<!-- \/ Yoast SEO plugin. -->","yoast_head_json":{"title":"Disfunciones olfativas en la perimenopausia y menopausia - Blog de INTIMINA en espa\u00f1ol","robots":{"index":"index","follow":"follow","max-snippet":"max-snippet:-1","max-image-preview":"max-image-preview:large","max-video-preview":"max-video-preview:-1"},"canonical":"https:\/\/www.intimina.com\/es\/blog\/disfunciones-olfativas-en-la-menopausia\/","og_locale":"en_US","og_type":"article","og_title":"Disfunciones olfativas en la perimenopausia y menopausia - Blog de INTIMINA en espa\u00f1ol","og_description":"Durante la transici\u00f3n a la menopausia, las mujeres enfrentan diversos cambios f\u00edsicos. Los sofocos, la sequedad vaginal y la debilidad del suelo p\u00e9lvico son s\u00edntomas muy comunes. Tambi\u00e9n suelen aparecer&hellip;","og_url":"https:\/\/www.intimina.com\/es\/blog\/disfunciones-olfativas-en-la-menopausia\/","og_site_name":"Blog de INTIMINA en espa\u00f1ol","article_published_time":"2026-02-28T22:49:39+00:00","article_modified_time":"2026-02-28T22:50:23+00:00","og_image":[{"width":866,"height":486,"url":"https:\/\/www.intimina.com\/es\/blog\/wp-content\/uploads\/2020\/10\/INTIMINA-11-life-doesnt-pause-for-menopause.jpg","type":"image\/jpeg"}],"author":"Brenda B. Lennox","twitter_misc":{"Written by":"Brenda B. Lennox","Est. reading time":"4 minutes"},"schema":{"@context":"https:\/\/schema.org","@graph":[{"@type":"Article","@id":"https:\/\/www.intimina.com\/es\/blog\/disfunciones-olfativas-en-la-menopausia\/#article","isPartOf":{"@id":"https:\/\/www.intimina.com\/es\/blog\/disfunciones-olfativas-en-la-menopausia\/"},"author":{"name":"Brenda B. Lennox","@id":"https:\/\/www.intimina.com\/es\/blog\/#\/schema\/person\/7be9257b8096ffffbc05b3375f9cc8d0"},"headline":"Disfunciones olfativas en la perimenopausia y menopausia","datePublished":"2026-02-28T22:49:39+00:00","dateModified":"2026-02-28T22:50:23+00:00","mainEntityOfPage":{"@id":"https:\/\/www.intimina.com\/es\/blog\/disfunciones-olfativas-en-la-menopausia\/"},"wordCount":890,"commentCount":0,"publisher":{"@id":"https:\/\/www.intimina.com\/es\/blog\/#organization"},"keywords":["menopausia","perimenopausia"],"articleSection":["Menopausia"],"inLanguage":"en-US","potentialAction":[{"@type":"CommentAction","name":"Comment","target":["https:\/\/www.intimina.com\/es\/blog\/disfunciones-olfativas-en-la-menopausia\/#respond"]}]},{"@type":"WebPage","@id":"https:\/\/www.intimina.com\/es\/blog\/disfunciones-olfativas-en-la-menopausia\/","url":"https:\/\/www.intimina.com\/es\/blog\/disfunciones-olfativas-en-la-menopausia\/","name":"Disfunciones olfativas en la perimenopausia y menopausia - Blog de INTIMINA en espa\u00f1ol","isPartOf":{"@id":"https:\/\/www.intimina.com\/es\/blog\/#website"},"datePublished":"2026-02-28T22:49:39+00:00","dateModified":"2026-02-28T22:50:23+00:00","inLanguage":"en-US","potentialAction":[{"@type":"ReadAction","target":["https:\/\/www.intimina.com\/es\/blog\/disfunciones-olfativas-en-la-menopausia\/"]}]},{"@type":"WebSite","@id":"https:\/\/www.intimina.com\/es\/blog\/#website","url":"https:\/\/www.intimina.com\/es\/blog\/","name":"Blog de INTIMINA en espa\u00f1ol","description":"Todo lo que necesitas saber sobre salud y bienestar \u00edntimo femenino","publisher":{"@id":"https:\/\/www.intimina.com\/es\/blog\/#organization"},"potentialAction":[{"@type":"SearchAction","target":{"@type":"EntryPoint","urlTemplate":"https:\/\/www.intimina.com\/es\/blog\/?s={search_term_string}"},"query-input":"required name=search_term_string"}],"inLanguage":"en-US"},{"@type":"Organization","@id":"https:\/\/www.intimina.com\/es\/blog\/#organization","name":"Intimina","url":"https:\/\/www.intimina.com\/es\/blog\/","logo":{"@type":"ImageObject","inLanguage":"en-US","@id":"https:\/\/www.intimina.com\/es\/blog\/#\/schema\/logo\/image\/","url":"https:\/\/www.intimina.com\/es\/blog\/wp-content\/uploads\/2019\/04\/INTIMINA_logo-02.png","contentUrl":"https:\/\/www.intimina.com\/es\/blog\/wp-content\/uploads\/2019\/04\/INTIMINA_logo-02.png","width":1000,"height":543,"caption":"Intimina"},"image":{"@id":"https:\/\/www.intimina.com\/es\/blog\/#\/schema\/logo\/image\/"}},{"@type":"Person","@id":"https:\/\/www.intimina.com\/es\/blog\/#\/schema\/person\/7be9257b8096ffffbc05b3375f9cc8d0","name":"Brenda B. Lennox","image":{"@type":"ImageObject","inLanguage":"en-US","@id":"https:\/\/www.intimina.com\/es\/blog\/#\/schema\/person\/image\/","url":"https:\/\/secure.gravatar.com\/avatar\/fc0cfe2bf9a3a3c27830d0c41cefed13?s=96&d=mm&r=g","contentUrl":"https:\/\/secure.gravatar.com\/avatar\/fc0cfe2bf9a3a3c27830d0c41cefed13?s=96&d=mm&r=g","caption":"Brenda B. Lennox"},"description":"Brenda B. Lennox es el seud\u00f3nimo de una escritora con varios premios literarios a su espalda. La m\u00e1scara que le permite mostrar su lado m\u00e1s salvaje en textos er\u00f3ticos que destilan crudeza no exenta de humor negro y poes\u00eda. La firma que avala su compromiso con la sexualidad y la salud femenina en art\u00edculos para medios como Volont\u00e9 o Intimina.","url":"https:\/\/www.intimina.com\/es\/blog\/author\/brenda\/"}]}},"_links":{"self":[{"href":"https:\/\/www.intimina.com\/es\/blog\/wp-json\/wp\/v2\/posts\/16885"}],"collection":[{"href":"https:\/\/www.intimina.com\/es\/blog\/wp-json\/wp\/v2\/posts"}],"about":[{"href":"https:\/\/www.intimina.com\/es\/blog\/wp-json\/wp\/v2\/types\/post"}],"author":[{"embeddable":true,"href":"https:\/\/www.intimina.com\/es\/blog\/wp-json\/wp\/v2\/users\/18"}],"replies":[{"embeddable":true,"href":"https:\/\/www.intimina.com\/es\/blog\/wp-json\/wp\/v2\/comments?post=16885"}],"version-history":[{"count":1,"href":"https:\/\/www.intimina.com\/es\/blog\/wp-json\/wp\/v2\/posts\/16885\/revisions"}],"predecessor-version":[{"id":16886,"href":"https:\/\/www.intimina.com\/es\/blog\/wp-json\/wp\/v2\/posts\/16885\/revisions\/16886"}],"wp:featuredmedia":[{"embeddable":true,"href":"https:\/\/www.intimina.com\/es\/blog\/wp-json\/wp\/v2\/media\/15467"}],"wp:attachment":[{"href":"https:\/\/www.intimina.com\/es\/blog\/wp-json\/wp\/v2\/media?parent=16885"}],"wp:term":[{"taxonomy":"category","embeddable":true,"href":"https:\/\/www.intimina.com\/es\/blog\/wp-json\/wp\/v2\/categories?post=16885"},{"taxonomy":"post_tag","embeddable":true,"href":"https:\/\/www.intimina.com\/es\/blog\/wp-json\/wp\/v2\/tags?post=16885"}],"curies":[{"name":"wp","href":"https:\/\/api.w.org\/{rel}","templated":true}]}}