{"id":9628,"date":"2016-05-13T18:19:48","date_gmt":"2016-05-13T10:19:48","guid":{"rendered":"https:\/\/intimina.leloint.com\/es\/blog\/?p=9628"},"modified":"2019-05-14T09:44:28","modified_gmt":"2019-05-14T07:44:28","slug":"novedades-video-miedos-vagina","status":"publish","type":"post","link":"https:\/\/www.intimina.com\/es\/blog\/novedades-video-miedos-vagina\/","title":{"rendered":"Nuevo v\u00eddeo: mujeres hablan de los miedos relacionados con su vagina"},"content":{"rendered":"<p>Coincidiendo con que Mayo es el Mes de la Concienciaci\u00f3n sobre el Embarazo, hemos preguntado a mujeres reales cu\u00e1les son sus miedos sobre la vagina, y \u00a1las p\u00e9rdidas de orina salen las primeras de la lista! Mira en este v\u00eddeo c\u00f3mo descubren la forma de superar este miedo &#8211; <a href=\"https:\/\/www.intimina.com\/es\/kegel-smart\" target=\"_blank\" rel=\"noopener noreferrer\">KegelSmart entrenador personal para los ejercicios de Kegel<\/a>.<\/p>\n<p class=\"EC008C\">\u00a1No olvides activar los subt\u00edtulos en espa\u00f1ol para seguir el v\u00eddeo!<\/p>\n<p style=\"text-align: center;\"><iframe loading=\"lazy\" src=\"https:\/\/www.youtube.com\/embed\/O13NKWPjR4c\" width=\"695\" height=\"391\" frameborder=\"0\" allowfullscreen=\"allowfullscreen\"><\/iframe><\/p>\n<p>&nbsp;<\/p>\n<p>SABER M\u00c1S:<\/p>\n<p><img decoding=\"async\" loading=\"lazy\" class=\"alignleft wp-image-9515\" src=\"https:\/\/intimina.leloint.com\/es\/blog\/wp-content\/uploads\/2014\/06\/articulo_perdidas_orina_reir_toser_345x214-345x214.png\" alt=\"articulo_perdidas_orina_reir_toser_345x214\" width=\"193\" height=\"120\" srcset=\"https:\/\/www.intimina.com\/es\/blog\/wp-content\/uploads\/2014\/06\/articulo_perdidas_orina_reir_toser_345x214.png 345w, https:\/\/www.intimina.com\/es\/blog\/wp-content\/uploads\/2014\/06\/articulo_perdidas_orina_reir_toser_345x214-193x120.png 193w, https:\/\/www.intimina.com\/es\/blog\/wp-content\/uploads\/2014\/06\/articulo_perdidas_orina_reir_toser_345x214-200x124.png 200w\" sizes=\"(max-width: 193px) 100vw, 193px\" \/><\/p>\n<p><a href=\"https:\/\/www.intimina.com\/es\/blog\/perdidas-orina-toser-reir\/\" target=\"_blank\" rel=\"noopener noreferrer\">\u00bfTienes p\u00e9rdidas cuando te r\u00edes, estornudas o toses? Es el momento de ponerle remedio<\/a><br \/>\nLas mujeres de este v\u00eddeo est\u00e1n preocupadas por las p\u00e9rdidas de orina. A pesar de que es algo que les ocurre a muchas mujeres en alg\u00fan momento de su vida, tener p\u00e9rdidas regulares suele ser s\u00edntoma de algo m\u00e1s serio. Si est\u00e1s leyendo esto y tienes p\u00e9rcdidas, \u00a1ahora es el momento de que hagas algo al respecto! No est\u00e1s sola, y nadie deber\u00eda aprender a vivir con estas fugas \u00a1porque se pueden solucionar!<\/p>\n<p><a href=\"https:\/\/www.intimina.com\/es\/kegel-smart\"><img decoding=\"async\" loading=\"lazy\" class=\"aligncenter wp-image-9453 size-full\" src=\"https:\/\/www.intimina.com\/es\/blog\/wp-content\/uploads\/2014\/05\/kegelsmart_banner_rutina_facil_696x137.png\" alt=\"KegelSmart - La rutina m\u00e1s f\u00e1cil de ejercicios de Kegel\" width=\"695\" height=\"140\" srcset=\"https:\/\/www.intimina.com\/es\/blog\/wp-content\/uploads\/2014\/05\/kegelsmart_banner_rutina_facil_696x137.png 695w, https:\/\/www.intimina.com\/es\/blog\/wp-content\/uploads\/2014\/05\/kegelsmart_banner_rutina_facil_696x137-202x41.png 202w, https:\/\/www.intimina.com\/es\/blog\/wp-content\/uploads\/2014\/05\/kegelsmart_banner_rutina_facil_696x137-354x71.png 354w, https:\/\/www.intimina.com\/es\/blog\/wp-content\/uploads\/2014\/05\/kegelsmart_banner_rutina_facil_696x137-200x40.png 200w\" sizes=\"(max-width: 695px) 100vw, 695px\" \/><\/a><\/p>\n","protected":false},"excerpt":{"rendered":"<p>Coincidiendo con que Mayo es el Mes de la Concienciaci\u00f3n sobre el Embarazo, hemos preguntado a mujeres reales cu\u00e1les son sus miedos sobre la vagina, y \u00a1las p\u00e9rdidas de orina&hellip;<\/p>\n","protected":false},"author":11,"featured_media":9630,"comment_status":"open","ping_status":"closed","sticky":false,"template":"","format":"standard","meta":{"inline_featured_image":false},"categories":[81],"tags":[113,191,228],"acf":[],"yoast_head":"<!-- This site is optimized with the Yoast SEO plugin v21.1 - https:\/\/yoast.com\/wordpress\/plugins\/seo\/ -->\n<title>Video: Mujeres hablan de sus miedos relacionados con la vagina<\/title>\n<meta name=\"description\" content=\"Mujeres te muestran sus temores y miedos relacionados con la vagina: incontinencia, falta de tono y menos sensaciones \u00edntimas\" \/>\n<meta name=\"robots\" content=\"index, follow, max-snippet:-1, max-image-preview:large, max-video-preview:-1\" \/>\n<link rel=\"canonical\" href=\"https:\/\/www.intimina.com\/es\/blog\/novedades-video-miedos-vagina\/\" \/>\n<meta property=\"og:locale\" content=\"en_US\" \/>\n<meta property=\"og:type\" content=\"article\" \/>\n<meta property=\"og:title\" content=\"Video: Mujeres hablan de sus miedos relacionados con la vagina\" \/>\n<meta property=\"og:description\" content=\"Mujeres te muestran sus temores y miedos relacionados con la vagina: incontinencia, falta de tono y menos sensaciones \u00edntimas\" \/>\n<meta property=\"og:url\" content=\"https:\/\/www.intimina.com\/es\/blog\/novedades-video-miedos-vagina\/\" \/>\n<meta property=\"og:site_name\" content=\"Blog de INTIMINA en espa\u00f1ol\" \/>\n<meta property=\"article:published_time\" content=\"2016-05-13T10:19:48+00:00\" \/>\n<meta property=\"article:modified_time\" content=\"2019-05-14T07:44:28+00:00\" \/>\n<meta property=\"og:image\" content=\"https:\/\/www.intimina.com\/es\/blog\/wp-content\/uploads\/2017\/01\/novedades_vainga_fears_354x214.jpg\" \/>\n\t<meta property=\"og:image:width\" content=\"354\" \/>\n\t<meta property=\"og:image:height\" content=\"214\" \/>\n\t<meta property=\"og:image:type\" content=\"image\/jpeg\" \/>\n<meta name=\"author\" content=\"Clara De Santiago\" \/>\n<meta name=\"twitter:label1\" content=\"Written by\" \/>\n\t<meta name=\"twitter:data1\" content=\"Clara De Santiago\" \/>\n\t<meta name=\"twitter:label2\" content=\"Est. reading time\" \/>\n\t<meta name=\"twitter:data2\" content=\"1 minute\" \/>\n<script type=\"application\/ld+json\" class=\"yoast-schema-graph\">{\"@context\":\"https:\/\/schema.org\",\"@graph\":[{\"@type\":\"Article\",\"@id\":\"https:\/\/www.intimina.com\/es\/blog\/novedades-video-miedos-vagina\/#article\",\"isPartOf\":{\"@id\":\"https:\/\/www.intimina.com\/es\/blog\/novedades-video-miedos-vagina\/\"},\"author\":{\"name\":\"Clara De Santiago\",\"@id\":\"https:\/\/www.intimina.com\/es\/blog\/#\/schema\/person\/b71c3a38fc4ac8ef1eed61d6c6580dcb\"},\"headline\":\"Nuevo v\u00eddeo: mujeres hablan de los miedos relacionados con su vagina\",\"datePublished\":\"2016-05-13T10:19:48+00:00\",\"dateModified\":\"2019-05-14T07:44:28+00:00\",\"mainEntityOfPage\":{\"@id\":\"https:\/\/www.intimina.com\/es\/blog\/novedades-video-miedos-vagina\/\"},\"wordCount\":192,\"commentCount\":0,\"publisher\":{\"@id\":\"https:\/\/www.intimina.com\/es\/blog\/#organization\"},\"keywords\":[\"kegelsmart\",\"video\",\"novedades\"],\"articleSection\":[\"Novedades\"],\"inLanguage\":\"en-US\",\"potentialAction\":[{\"@type\":\"CommentAction\",\"name\":\"Comment\",\"target\":[\"https:\/\/www.intimina.com\/es\/blog\/novedades-video-miedos-vagina\/#respond\"]}]},{\"@type\":\"WebPage\",\"@id\":\"https:\/\/www.intimina.com\/es\/blog\/novedades-video-miedos-vagina\/\",\"url\":\"https:\/\/www.intimina.com\/es\/blog\/novedades-video-miedos-vagina\/\",\"name\":\"Video: Mujeres hablan de sus miedos relacionados con la vagina\",\"isPartOf\":{\"@id\":\"https:\/\/www.intimina.com\/es\/blog\/#website\"},\"datePublished\":\"2016-05-13T10:19:48+00:00\",\"dateModified\":\"2019-05-14T07:44:28+00:00\",\"description\":\"Mujeres te muestran sus temores y miedos relacionados con la vagina: incontinencia, falta de tono y menos sensaciones \u00edntimas\",\"inLanguage\":\"en-US\",\"potentialAction\":[{\"@type\":\"ReadAction\",\"target\":[\"https:\/\/www.intimina.com\/es\/blog\/novedades-video-miedos-vagina\/\"]}]},{\"@type\":\"WebSite\",\"@id\":\"https:\/\/www.intimina.com\/es\/blog\/#website\",\"url\":\"https:\/\/www.intimina.com\/es\/blog\/\",\"name\":\"Blog de INTIMINA en espa\u00f1ol\",\"description\":\"Todo lo que necesitas saber sobre salud y bienestar \u00edntimo femenino\",\"publisher\":{\"@id\":\"https:\/\/www.intimina.com\/es\/blog\/#organization\"},\"potentialAction\":[{\"@type\":\"SearchAction\",\"target\":{\"@type\":\"EntryPoint\",\"urlTemplate\":\"https:\/\/www.intimina.com\/es\/blog\/?s={search_term_string}\"},\"query-input\":\"required name=search_term_string\"}],\"inLanguage\":\"en-US\"},{\"@type\":\"Organization\",\"@id\":\"https:\/\/www.intimina.com\/es\/blog\/#organization\",\"name\":\"Intimina\",\"url\":\"https:\/\/www.intimina.com\/es\/blog\/\",\"logo\":{\"@type\":\"ImageObject\",\"inLanguage\":\"en-US\",\"@id\":\"https:\/\/www.intimina.com\/es\/blog\/#\/schema\/logo\/image\/\",\"url\":\"https:\/\/www.intimina.com\/es\/blog\/wp-content\/uploads\/2019\/04\/INTIMINA_logo-02.png\",\"contentUrl\":\"https:\/\/www.intimina.com\/es\/blog\/wp-content\/uploads\/2019\/04\/INTIMINA_logo-02.png\",\"width\":1000,\"height\":543,\"caption\":\"Intimina\"},\"image\":{\"@id\":\"https:\/\/www.intimina.com\/es\/blog\/#\/schema\/logo\/image\/\"}},{\"@type\":\"Person\",\"@id\":\"https:\/\/www.intimina.com\/es\/blog\/#\/schema\/person\/b71c3a38fc4ac8ef1eed61d6c6580dcb\",\"name\":\"Clara De Santiago\",\"image\":{\"@type\":\"ImageObject\",\"inLanguage\":\"en-US\",\"@id\":\"https:\/\/www.intimina.com\/es\/blog\/#\/schema\/person\/image\/\",\"url\":\"https:\/\/secure.gravatar.com\/avatar\/12c720ab5fa862382c06edc9a80da3ef?s=96&d=mm&r=g\",\"contentUrl\":\"https:\/\/secure.gravatar.com\/avatar\/12c720ab5fa862382c06edc9a80da3ef?s=96&d=mm&r=g\",\"caption\":\"Clara De Santiago\"},\"url\":\"https:\/\/www.intimina.com\/es\/blog\/author\/santiago\/\"}]}<\/script>\n<!-- \/ Yoast SEO plugin. -->","yoast_head_json":{"title":"Video: Mujeres hablan de sus miedos relacionados con la vagina","description":"Mujeres te muestran sus temores y miedos relacionados con la vagina: incontinencia, falta de tono y menos sensaciones \u00edntimas","robots":{"index":"index","follow":"follow","max-snippet":"max-snippet:-1","max-image-preview":"max-image-preview:large","max-video-preview":"max-video-preview:-1"},"canonical":"https:\/\/www.intimina.com\/es\/blog\/novedades-video-miedos-vagina\/","og_locale":"en_US","og_type":"article","og_title":"Video: Mujeres hablan de sus miedos relacionados con la vagina","og_description":"Mujeres te muestran sus temores y miedos relacionados con la vagina: incontinencia, falta de tono y menos sensaciones \u00edntimas","og_url":"https:\/\/www.intimina.com\/es\/blog\/novedades-video-miedos-vagina\/","og_site_name":"Blog de INTIMINA en espa\u00f1ol","article_published_time":"2016-05-13T10:19:48+00:00","article_modified_time":"2019-05-14T07:44:28+00:00","og_image":[{"width":354,"height":214,"url":"https:\/\/www.intimina.com\/es\/blog\/wp-content\/uploads\/2017\/01\/novedades_vainga_fears_354x214.jpg","type":"image\/jpeg"}],"author":"Clara De Santiago","twitter_misc":{"Written by":"Clara De Santiago","Est. reading time":"1 minute"},"schema":{"@context":"https:\/\/schema.org","@graph":[{"@type":"Article","@id":"https:\/\/www.intimina.com\/es\/blog\/novedades-video-miedos-vagina\/#article","isPartOf":{"@id":"https:\/\/www.intimina.com\/es\/blog\/novedades-video-miedos-vagina\/"},"author":{"name":"Clara De Santiago","@id":"https:\/\/www.intimina.com\/es\/blog\/#\/schema\/person\/b71c3a38fc4ac8ef1eed61d6c6580dcb"},"headline":"Nuevo v\u00eddeo: mujeres hablan de los miedos relacionados con su vagina","datePublished":"2016-05-13T10:19:48+00:00","dateModified":"2019-05-14T07:44:28+00:00","mainEntityOfPage":{"@id":"https:\/\/www.intimina.com\/es\/blog\/novedades-video-miedos-vagina\/"},"wordCount":192,"commentCount":0,"publisher":{"@id":"https:\/\/www.intimina.com\/es\/blog\/#organization"},"keywords":["kegelsmart","video","novedades"],"articleSection":["Novedades"],"inLanguage":"en-US","potentialAction":[{"@type":"CommentAction","name":"Comment","target":["https:\/\/www.intimina.com\/es\/blog\/novedades-video-miedos-vagina\/#respond"]}]},{"@type":"WebPage","@id":"https:\/\/www.intimina.com\/es\/blog\/novedades-video-miedos-vagina\/","url":"https:\/\/www.intimina.com\/es\/blog\/novedades-video-miedos-vagina\/","name":"Video: Mujeres hablan de sus miedos relacionados con la vagina","isPartOf":{"@id":"https:\/\/www.intimina.com\/es\/blog\/#website"},"datePublished":"2016-05-13T10:19:48+00:00","dateModified":"2019-05-14T07:44:28+00:00","description":"Mujeres te muestran sus temores y miedos relacionados con la vagina: incontinencia, falta de tono y menos sensaciones \u00edntimas","inLanguage":"en-US","potentialAction":[{"@type":"ReadAction","target":["https:\/\/www.intimina.com\/es\/blog\/novedades-video-miedos-vagina\/"]}]},{"@type":"WebSite","@id":"https:\/\/www.intimina.com\/es\/blog\/#website","url":"https:\/\/www.intimina.com\/es\/blog\/","name":"Blog de INTIMINA en espa\u00f1ol","description":"Todo lo que necesitas saber sobre salud y bienestar \u00edntimo femenino","publisher":{"@id":"https:\/\/www.intimina.com\/es\/blog\/#organization"},"potentialAction":[{"@type":"SearchAction","target":{"@type":"EntryPoint","urlTemplate":"https:\/\/www.intimina.com\/es\/blog\/?s={search_term_string}"},"query-input":"required name=search_term_string"}],"inLanguage":"en-US"},{"@type":"Organization","@id":"https:\/\/www.intimina.com\/es\/blog\/#organization","name":"Intimina","url":"https:\/\/www.intimina.com\/es\/blog\/","logo":{"@type":"ImageObject","inLanguage":"en-US","@id":"https:\/\/www.intimina.com\/es\/blog\/#\/schema\/logo\/image\/","url":"https:\/\/www.intimina.com\/es\/blog\/wp-content\/uploads\/2019\/04\/INTIMINA_logo-02.png","contentUrl":"https:\/\/www.intimina.com\/es\/blog\/wp-content\/uploads\/2019\/04\/INTIMINA_logo-02.png","width":1000,"height":543,"caption":"Intimina"},"image":{"@id":"https:\/\/www.intimina.com\/es\/blog\/#\/schema\/logo\/image\/"}},{"@type":"Person","@id":"https:\/\/www.intimina.com\/es\/blog\/#\/schema\/person\/b71c3a38fc4ac8ef1eed61d6c6580dcb","name":"Clara De Santiago","image":{"@type":"ImageObject","inLanguage":"en-US","@id":"https:\/\/www.intimina.com\/es\/blog\/#\/schema\/person\/image\/","url":"https:\/\/secure.gravatar.com\/avatar\/12c720ab5fa862382c06edc9a80da3ef?s=96&d=mm&r=g","contentUrl":"https:\/\/secure.gravatar.com\/avatar\/12c720ab5fa862382c06edc9a80da3ef?s=96&d=mm&r=g","caption":"Clara De Santiago"},"url":"https:\/\/www.intimina.com\/es\/blog\/author\/santiago\/"}]}},"_links":{"self":[{"href":"https:\/\/www.intimina.com\/es\/blog\/wp-json\/wp\/v2\/posts\/9628"}],"collection":[{"href":"https:\/\/www.intimina.com\/es\/blog\/wp-json\/wp\/v2\/posts"}],"about":[{"href":"https:\/\/www.intimina.com\/es\/blog\/wp-json\/wp\/v2\/types\/post"}],"author":[{"embeddable":true,"href":"https:\/\/www.intimina.com\/es\/blog\/wp-json\/wp\/v2\/users\/11"}],"replies":[{"embeddable":true,"href":"https:\/\/www.intimina.com\/es\/blog\/wp-json\/wp\/v2\/comments?post=9628"}],"version-history":[{"count":8,"href":"https:\/\/www.intimina.com\/es\/blog\/wp-json\/wp\/v2\/posts\/9628\/revisions"}],"predecessor-version":[{"id":14909,"href":"https:\/\/www.intimina.com\/es\/blog\/wp-json\/wp\/v2\/posts\/9628\/revisions\/14909"}],"wp:featuredmedia":[{"embeddable":true,"href":"https:\/\/www.intimina.com\/es\/blog\/wp-json\/wp\/v2\/media\/9630"}],"wp:attachment":[{"href":"https:\/\/www.intimina.com\/es\/blog\/wp-json\/wp\/v2\/media?parent=9628"}],"wp:term":[{"taxonomy":"category","embeddable":true,"href":"https:\/\/www.intimina.com\/es\/blog\/wp-json\/wp\/v2\/categories?post=9628"},{"taxonomy":"post_tag","embeddable":true,"href":"https:\/\/www.intimina.com\/es\/blog\/wp-json\/wp\/v2\/tags?post=9628"}],"curies":[{"name":"wp","href":"https:\/\/api.w.org\/{rel}","templated":true}]}}