{"id":9687,"date":"2015-05-13T11:50:38","date_gmt":"2015-05-13T03:50:38","guid":{"rendered":"https:\/\/intimina.leloint.com\/es\/blog\/?p=9687"},"modified":"2019-05-14T09:45:04","modified_gmt":"2019-05-14T07:45:04","slug":"novedades-lamananadela1-marilo-intimina","status":"publish","type":"post","link":"https:\/\/www.intimina.com\/es\/blog\/novedades-lamananadela1-marilo-intimina\/","title":{"rendered":"Intimina aparece en La Ma\u00f1ana de La 1 de TVE, de la mano de Maril\u00f3 Montero"},"content":{"rendered":"<p>El pasado viernes 8 de mayo el programa de televisi\u00f3n La ma\u00f1ana de La 1, en el espacio Saber Vivir (<a title=\"Intimina en La Ma\u00f1ana de La 1\" href=\"http:\/\/www.rtve.es\/alacarta\/videos\/la-manana\/consulta-ginecologia\/3120410\/\" target=\"_blank\" rel=\"noopener noreferrer\">pincha aqu\u00ed<\/a> si quieres volver a verlo: del minuto 16 al minuto 19), abord\u00f3 el tema del suelo p\u00e9lvico y mostr\u00f3 nuestros productos como aliados para solucionar los problemas que de \u00e9ste se puedan derivar.<\/p>\n<p>Maril\u00f3 estuvo acompa\u00f1ada en esta secci\u00f3n por Javier Haya, jefe de Ginecolog\u00eda del Hospital de Ciudad Real, quien describi\u00f3 nuestros productos <a href=\"https:\/\/www.intimina.com\/es\/kegel-smart\">KegelSmart<\/a> y <a href=\"https:\/\/www.intimina.com\/es\/laselle\">Laselle<\/a> como estimuladores de la musculatura del suelo p\u00e9lvico.<\/p>\n<p><a href=\"https:\/\/www.intimina.com\/es\/kegel-smart\">KegelSmart<\/a> es el entrenador personal inteligente que te ayuda a mantener un suelo p\u00e9lvico tonificado de una manera r\u00e1pida y eficaz, ya que te va guiando en cada rutina de ejercicios de Kegel. Una de sus grandes ventajas es la comodidad ya que puedes hacer los ejercicios desde casa, tal y como apunt\u00f3 el doctor Haya.<\/p>\n<p><img decoding=\"async\" loading=\"lazy\" class=\"aligncenter size-full wp-image-9689\" src=\"https:\/\/intimina.leloint.com\/es\/blog\/wp-content\/uploads\/2017\/01\/novedades_lamananadela1-marilo-kegelsmart.jpg\" alt=\"Intimina en La Ma\u00f1ana de la 1 con Maril\u00f3 Montero\" width=\"695\" height=\"427\" srcset=\"https:\/\/www.intimina.com\/es\/blog\/wp-content\/uploads\/2017\/01\/novedades_lamananadela1-marilo-kegelsmart.jpg 695w, https:\/\/www.intimina.com\/es\/blog\/wp-content\/uploads\/2017\/01\/novedades_lamananadela1-marilo-kegelsmart-195x120.jpg 195w, https:\/\/www.intimina.com\/es\/blog\/wp-content\/uploads\/2017\/01\/novedades_lamananadela1-marilo-kegelsmart-348x214.jpg 348w, https:\/\/www.intimina.com\/es\/blog\/wp-content\/uploads\/2017\/01\/novedades_lamananadela1-marilo-kegelsmart-200x123.jpg 200w\" sizes=\"(max-width: 695px) 100vw, 695px\" \/><\/p>\n<p>Otra opci\u00f3n propuesta, si se quiere ejercitar estos m\u00fasculos con esferas de silicona o &#8220;bolas chinas&#8221;, fue la rutina de ejercicios <a href=\"https:\/\/www.intimina.com\/es\/laselle\">Kegel Laselle<\/a>. Este kit incluye 3 ejercitadores de Kegel de distintos pesos que pueden usarse individualmente o combinados para fortalecer y tonificar progresivamente el suelo p\u00e9lvico.<\/p>\n<p><img decoding=\"async\" loading=\"lazy\" class=\"aligncenter size-full wp-image-9690\" src=\"https:\/\/intimina.leloint.com\/es\/blog\/wp-content\/uploads\/2017\/01\/novedades_lamananadela1-marilo-laselle.jpg\" alt=\"Intimina en La Ma\u00f1ana de la 1 con Maril\u00f3 Montero\" width=\"695\" height=\"391\" srcset=\"https:\/\/www.intimina.com\/es\/blog\/wp-content\/uploads\/2017\/01\/novedades_lamananadela1-marilo-laselle.jpg 695w, https:\/\/www.intimina.com\/es\/blog\/wp-content\/uploads\/2017\/01\/novedades_lamananadela1-marilo-laselle-202x114.jpg 202w, https:\/\/www.intimina.com\/es\/blog\/wp-content\/uploads\/2017\/01\/novedades_lamananadela1-marilo-laselle-354x199.jpg 354w, https:\/\/www.intimina.com\/es\/blog\/wp-content\/uploads\/2017\/01\/novedades_lamananadela1-marilo-laselle-200x113.jpg 200w\" sizes=\"(max-width: 695px) 100vw, 695px\" \/><\/p>\n<p><em>&#8220;Todos estos productos son muy eficaces para ejercitar el suelo p\u00e9lvico&#8221;<\/em> explic\u00f3 el doctor Javier Haya.<\/p>\n<p>La secci\u00f3n se cerr\u00f3 con las copas menstruales <a href=\"https:\/\/www.intimina.com\/es\/lily-cup\">Lily Cup<\/a> y <a href=\"https:\/\/www.intimina.com\/es\/lily-cup\">Lily Cup Compact<\/a> al llamar la atenci\u00f3n de la presentadora que coment\u00f3: &#8220;son la alternativa a la compresa y al tamp\u00f3n&#8221;.<\/p>\n<p>La copa menstrual es la opci\u00f3n ideal para la protecci\u00f3n del periodo, ya que no absorbe sino que recoge el fluido menstrual, respetando el equilibrio \u00edntimo y evitando los problemas de sequedad asociados a los tampones.<\/p>\n<p><img decoding=\"async\" loading=\"lazy\" class=\"aligncenter size-full wp-image-9691\" src=\"https:\/\/intimina.leloint.com\/es\/blog\/wp-content\/uploads\/2017\/01\/novedades_lamananadela1-marilo-lilycup.jpg\" alt=\"Intimina en La Ma\u00f1ana de la 1 con Maril\u00f3 Montero\" width=\"695\" height=\"391\" srcset=\"https:\/\/www.intimina.com\/es\/blog\/wp-content\/uploads\/2017\/01\/novedades_lamananadela1-marilo-lilycup.jpg 695w, https:\/\/www.intimina.com\/es\/blog\/wp-content\/uploads\/2017\/01\/novedades_lamananadela1-marilo-lilycup-202x114.jpg 202w, https:\/\/www.intimina.com\/es\/blog\/wp-content\/uploads\/2017\/01\/novedades_lamananadela1-marilo-lilycup-354x199.jpg 354w, https:\/\/www.intimina.com\/es\/blog\/wp-content\/uploads\/2017\/01\/novedades_lamananadela1-marilo-lilycup-200x113.jpg 200w\" sizes=\"(max-width: 695px) 100vw, 695px\" \/><\/p>\n<p>Que no te lo cuenten otros, experimenta t\u00fa misma los beneficios de los productos de Intimina.<\/p>\n<p>&nbsp;<\/p>\n<p style=\"text-align: center;\"><a style=\"background: url(&#039;\/image\/pic\/price_2_background_image.png&#039;) 241px 0px no-repeat #EC008C; color: #fff; font-size: 14px; font-weight: bold; text-decoration: none; padding: 8px 36px 8px 20px;\" title=\"Adquiere hoy los productos de Intimina\" href=\"https:\/\/www.intimina.com\/es\/blog\/\" target=\"_blank\" rel=\"noopener noreferrer\">Adquiere hoy los productos de Intimina<\/a><\/p>\n","protected":false},"excerpt":{"rendered":"<p>El pasado viernes 8 de mayo el programa de televisi\u00f3n La ma\u00f1ana de La 1, en el espacio Saber Vivir (pincha aqu\u00ed si quieres volver a verlo: del minuto 16&hellip;<\/p>\n","protected":false},"author":11,"featured_media":9688,"comment_status":"open","ping_status":"closed","sticky":false,"template":"","format":"standard","meta":{"inline_featured_image":false},"categories":[81],"tags":[3,113,133,228,241],"acf":[],"yoast_head":"<!-- This site is optimized with the Yoast SEO plugin v21.1 - https:\/\/yoast.com\/wordpress\/plugins\/seo\/ -->\n<title>Los productos de Intimina aparecen en La Ma\u00f1ana de La 1 de TVE<\/title>\n<meta name=\"description\" content=\"Maril\u00f3 Montero ense\u00f1\u00f3 el pasado viernes nuestros productos KegelSmart, Laselle y las Lily Cup en su programa La Ma\u00f1ana de La 1\" \/>\n<meta name=\"robots\" content=\"index, follow, max-snippet:-1, max-image-preview:large, max-video-preview:-1\" \/>\n<link rel=\"canonical\" href=\"https:\/\/www.intimina.com\/es\/blog\/novedades-lamananadela1-marilo-intimina\/\" \/>\n<meta property=\"og:locale\" content=\"en_US\" \/>\n<meta property=\"og:type\" content=\"article\" \/>\n<meta property=\"og:title\" content=\"Los productos de Intimina aparecen en La Ma\u00f1ana de La 1 de TVE\" \/>\n<meta property=\"og:description\" content=\"Maril\u00f3 Montero ense\u00f1\u00f3 el pasado viernes nuestros productos KegelSmart, Laselle y las Lily Cup en su programa La Ma\u00f1ana de La 1\" \/>\n<meta property=\"og:url\" content=\"https:\/\/www.intimina.com\/es\/blog\/novedades-lamananadela1-marilo-intimina\/\" \/>\n<meta property=\"og:site_name\" content=\"Blog de INTIMINA en espa\u00f1ol\" \/>\n<meta property=\"article:published_time\" content=\"2015-05-13T03:50:38+00:00\" \/>\n<meta property=\"article:modified_time\" content=\"2019-05-14T07:45:04+00:00\" \/>\n<meta property=\"og:image\" content=\"https:\/\/www.intimina.com\/es\/blog\/wp-content\/uploads\/2017\/01\/novedades_intimina_la_manana_dela_1.jpg\" \/>\n\t<meta property=\"og:image:width\" content=\"354\" \/>\n\t<meta property=\"og:image:height\" content=\"214\" \/>\n\t<meta property=\"og:image:type\" content=\"image\/jpeg\" \/>\n<meta name=\"author\" content=\"Clara De Santiago\" \/>\n<meta name=\"twitter:label1\" content=\"Written by\" \/>\n\t<meta name=\"twitter:data1\" content=\"Clara De Santiago\" \/>\n\t<meta name=\"twitter:label2\" content=\"Est. reading time\" \/>\n\t<meta name=\"twitter:data2\" content=\"2 minutes\" \/>\n<script type=\"application\/ld+json\" class=\"yoast-schema-graph\">{\"@context\":\"https:\/\/schema.org\",\"@graph\":[{\"@type\":\"Article\",\"@id\":\"https:\/\/www.intimina.com\/es\/blog\/novedades-lamananadela1-marilo-intimina\/#article\",\"isPartOf\":{\"@id\":\"https:\/\/www.intimina.com\/es\/blog\/novedades-lamananadela1-marilo-intimina\/\"},\"author\":{\"name\":\"Clara De Santiago\",\"@id\":\"https:\/\/www.intimina.com\/es\/blog\/#\/schema\/person\/b71c3a38fc4ac8ef1eed61d6c6580dcb\"},\"headline\":\"Intimina aparece en La Ma\u00f1ana de La 1 de TVE, de la mano de Maril\u00f3 Montero\",\"datePublished\":\"2015-05-13T03:50:38+00:00\",\"dateModified\":\"2019-05-14T07:45:04+00:00\",\"mainEntityOfPage\":{\"@id\":\"https:\/\/www.intimina.com\/es\/blog\/novedades-lamananadela1-marilo-intimina\/\"},\"wordCount\":326,\"commentCount\":0,\"publisher\":{\"@id\":\"https:\/\/www.intimina.com\/es\/blog\/#organization\"},\"keywords\":[\"Lily cup\",\"kegelsmart\",\"laselle\",\"novedades\",\"maril\u00f3 montero\"],\"articleSection\":[\"Novedades\"],\"inLanguage\":\"en-US\",\"potentialAction\":[{\"@type\":\"CommentAction\",\"name\":\"Comment\",\"target\":[\"https:\/\/www.intimina.com\/es\/blog\/novedades-lamananadela1-marilo-intimina\/#respond\"]}]},{\"@type\":\"WebPage\",\"@id\":\"https:\/\/www.intimina.com\/es\/blog\/novedades-lamananadela1-marilo-intimina\/\",\"url\":\"https:\/\/www.intimina.com\/es\/blog\/novedades-lamananadela1-marilo-intimina\/\",\"name\":\"Los productos de Intimina aparecen en La Ma\u00f1ana de La 1 de TVE\",\"isPartOf\":{\"@id\":\"https:\/\/www.intimina.com\/es\/blog\/#website\"},\"datePublished\":\"2015-05-13T03:50:38+00:00\",\"dateModified\":\"2019-05-14T07:45:04+00:00\",\"description\":\"Maril\u00f3 Montero ense\u00f1\u00f3 el pasado viernes nuestros productos KegelSmart, Laselle y las Lily Cup en su programa La Ma\u00f1ana de La 1\",\"inLanguage\":\"en-US\",\"potentialAction\":[{\"@type\":\"ReadAction\",\"target\":[\"https:\/\/www.intimina.com\/es\/blog\/novedades-lamananadela1-marilo-intimina\/\"]}]},{\"@type\":\"WebSite\",\"@id\":\"https:\/\/www.intimina.com\/es\/blog\/#website\",\"url\":\"https:\/\/www.intimina.com\/es\/blog\/\",\"name\":\"Blog de INTIMINA en espa\u00f1ol\",\"description\":\"Todo lo que necesitas saber sobre salud y bienestar \u00edntimo femenino\",\"publisher\":{\"@id\":\"https:\/\/www.intimina.com\/es\/blog\/#organization\"},\"potentialAction\":[{\"@type\":\"SearchAction\",\"target\":{\"@type\":\"EntryPoint\",\"urlTemplate\":\"https:\/\/www.intimina.com\/es\/blog\/?s={search_term_string}\"},\"query-input\":\"required name=search_term_string\"}],\"inLanguage\":\"en-US\"},{\"@type\":\"Organization\",\"@id\":\"https:\/\/www.intimina.com\/es\/blog\/#organization\",\"name\":\"Intimina\",\"url\":\"https:\/\/www.intimina.com\/es\/blog\/\",\"logo\":{\"@type\":\"ImageObject\",\"inLanguage\":\"en-US\",\"@id\":\"https:\/\/www.intimina.com\/es\/blog\/#\/schema\/logo\/image\/\",\"url\":\"https:\/\/www.intimina.com\/es\/blog\/wp-content\/uploads\/2019\/04\/INTIMINA_logo-02.png\",\"contentUrl\":\"https:\/\/www.intimina.com\/es\/blog\/wp-content\/uploads\/2019\/04\/INTIMINA_logo-02.png\",\"width\":1000,\"height\":543,\"caption\":\"Intimina\"},\"image\":{\"@id\":\"https:\/\/www.intimina.com\/es\/blog\/#\/schema\/logo\/image\/\"}},{\"@type\":\"Person\",\"@id\":\"https:\/\/www.intimina.com\/es\/blog\/#\/schema\/person\/b71c3a38fc4ac8ef1eed61d6c6580dcb\",\"name\":\"Clara De Santiago\",\"image\":{\"@type\":\"ImageObject\",\"inLanguage\":\"en-US\",\"@id\":\"https:\/\/www.intimina.com\/es\/blog\/#\/schema\/person\/image\/\",\"url\":\"https:\/\/secure.gravatar.com\/avatar\/12c720ab5fa862382c06edc9a80da3ef?s=96&d=mm&r=g\",\"contentUrl\":\"https:\/\/secure.gravatar.com\/avatar\/12c720ab5fa862382c06edc9a80da3ef?s=96&d=mm&r=g\",\"caption\":\"Clara De Santiago\"},\"url\":\"https:\/\/www.intimina.com\/es\/blog\/author\/santiago\/\"}]}<\/script>\n<!-- \/ Yoast SEO plugin. -->","yoast_head_json":{"title":"Los productos de Intimina aparecen en La Ma\u00f1ana de La 1 de TVE","description":"Maril\u00f3 Montero ense\u00f1\u00f3 el pasado viernes nuestros productos KegelSmart, Laselle y las Lily Cup en su programa La Ma\u00f1ana de La 1","robots":{"index":"index","follow":"follow","max-snippet":"max-snippet:-1","max-image-preview":"max-image-preview:large","max-video-preview":"max-video-preview:-1"},"canonical":"https:\/\/www.intimina.com\/es\/blog\/novedades-lamananadela1-marilo-intimina\/","og_locale":"en_US","og_type":"article","og_title":"Los productos de Intimina aparecen en La Ma\u00f1ana de La 1 de TVE","og_description":"Maril\u00f3 Montero ense\u00f1\u00f3 el pasado viernes nuestros productos KegelSmart, Laselle y las Lily Cup en su programa La Ma\u00f1ana de La 1","og_url":"https:\/\/www.intimina.com\/es\/blog\/novedades-lamananadela1-marilo-intimina\/","og_site_name":"Blog de INTIMINA en espa\u00f1ol","article_published_time":"2015-05-13T03:50:38+00:00","article_modified_time":"2019-05-14T07:45:04+00:00","og_image":[{"width":354,"height":214,"url":"https:\/\/www.intimina.com\/es\/blog\/wp-content\/uploads\/2017\/01\/novedades_intimina_la_manana_dela_1.jpg","type":"image\/jpeg"}],"author":"Clara De Santiago","twitter_misc":{"Written by":"Clara De Santiago","Est. reading time":"2 minutes"},"schema":{"@context":"https:\/\/schema.org","@graph":[{"@type":"Article","@id":"https:\/\/www.intimina.com\/es\/blog\/novedades-lamananadela1-marilo-intimina\/#article","isPartOf":{"@id":"https:\/\/www.intimina.com\/es\/blog\/novedades-lamananadela1-marilo-intimina\/"},"author":{"name":"Clara De Santiago","@id":"https:\/\/www.intimina.com\/es\/blog\/#\/schema\/person\/b71c3a38fc4ac8ef1eed61d6c6580dcb"},"headline":"Intimina aparece en La Ma\u00f1ana de La 1 de TVE, de la mano de Maril\u00f3 Montero","datePublished":"2015-05-13T03:50:38+00:00","dateModified":"2019-05-14T07:45:04+00:00","mainEntityOfPage":{"@id":"https:\/\/www.intimina.com\/es\/blog\/novedades-lamananadela1-marilo-intimina\/"},"wordCount":326,"commentCount":0,"publisher":{"@id":"https:\/\/www.intimina.com\/es\/blog\/#organization"},"keywords":["Lily cup","kegelsmart","laselle","novedades","maril\u00f3 montero"],"articleSection":["Novedades"],"inLanguage":"en-US","potentialAction":[{"@type":"CommentAction","name":"Comment","target":["https:\/\/www.intimina.com\/es\/blog\/novedades-lamananadela1-marilo-intimina\/#respond"]}]},{"@type":"WebPage","@id":"https:\/\/www.intimina.com\/es\/blog\/novedades-lamananadela1-marilo-intimina\/","url":"https:\/\/www.intimina.com\/es\/blog\/novedades-lamananadela1-marilo-intimina\/","name":"Los productos de Intimina aparecen en La Ma\u00f1ana de La 1 de TVE","isPartOf":{"@id":"https:\/\/www.intimina.com\/es\/blog\/#website"},"datePublished":"2015-05-13T03:50:38+00:00","dateModified":"2019-05-14T07:45:04+00:00","description":"Maril\u00f3 Montero ense\u00f1\u00f3 el pasado viernes nuestros productos KegelSmart, Laselle y las Lily Cup en su programa La Ma\u00f1ana de La 1","inLanguage":"en-US","potentialAction":[{"@type":"ReadAction","target":["https:\/\/www.intimina.com\/es\/blog\/novedades-lamananadela1-marilo-intimina\/"]}]},{"@type":"WebSite","@id":"https:\/\/www.intimina.com\/es\/blog\/#website","url":"https:\/\/www.intimina.com\/es\/blog\/","name":"Blog de INTIMINA en espa\u00f1ol","description":"Todo lo que necesitas saber sobre salud y bienestar \u00edntimo femenino","publisher":{"@id":"https:\/\/www.intimina.com\/es\/blog\/#organization"},"potentialAction":[{"@type":"SearchAction","target":{"@type":"EntryPoint","urlTemplate":"https:\/\/www.intimina.com\/es\/blog\/?s={search_term_string}"},"query-input":"required name=search_term_string"}],"inLanguage":"en-US"},{"@type":"Organization","@id":"https:\/\/www.intimina.com\/es\/blog\/#organization","name":"Intimina","url":"https:\/\/www.intimina.com\/es\/blog\/","logo":{"@type":"ImageObject","inLanguage":"en-US","@id":"https:\/\/www.intimina.com\/es\/blog\/#\/schema\/logo\/image\/","url":"https:\/\/www.intimina.com\/es\/blog\/wp-content\/uploads\/2019\/04\/INTIMINA_logo-02.png","contentUrl":"https:\/\/www.intimina.com\/es\/blog\/wp-content\/uploads\/2019\/04\/INTIMINA_logo-02.png","width":1000,"height":543,"caption":"Intimina"},"image":{"@id":"https:\/\/www.intimina.com\/es\/blog\/#\/schema\/logo\/image\/"}},{"@type":"Person","@id":"https:\/\/www.intimina.com\/es\/blog\/#\/schema\/person\/b71c3a38fc4ac8ef1eed61d6c6580dcb","name":"Clara De Santiago","image":{"@type":"ImageObject","inLanguage":"en-US","@id":"https:\/\/www.intimina.com\/es\/blog\/#\/schema\/person\/image\/","url":"https:\/\/secure.gravatar.com\/avatar\/12c720ab5fa862382c06edc9a80da3ef?s=96&d=mm&r=g","contentUrl":"https:\/\/secure.gravatar.com\/avatar\/12c720ab5fa862382c06edc9a80da3ef?s=96&d=mm&r=g","caption":"Clara De Santiago"},"url":"https:\/\/www.intimina.com\/es\/blog\/author\/santiago\/"}]}},"_links":{"self":[{"href":"https:\/\/www.intimina.com\/es\/blog\/wp-json\/wp\/v2\/posts\/9687"}],"collection":[{"href":"https:\/\/www.intimina.com\/es\/blog\/wp-json\/wp\/v2\/posts"}],"about":[{"href":"https:\/\/www.intimina.com\/es\/blog\/wp-json\/wp\/v2\/types\/post"}],"author":[{"embeddable":true,"href":"https:\/\/www.intimina.com\/es\/blog\/wp-json\/wp\/v2\/users\/11"}],"replies":[{"embeddable":true,"href":"https:\/\/www.intimina.com\/es\/blog\/wp-json\/wp\/v2\/comments?post=9687"}],"version-history":[{"count":6,"href":"https:\/\/www.intimina.com\/es\/blog\/wp-json\/wp\/v2\/posts\/9687\/revisions"}],"predecessor-version":[{"id":14887,"href":"https:\/\/www.intimina.com\/es\/blog\/wp-json\/wp\/v2\/posts\/9687\/revisions\/14887"}],"wp:featuredmedia":[{"embeddable":true,"href":"https:\/\/www.intimina.com\/es\/blog\/wp-json\/wp\/v2\/media\/9688"}],"wp:attachment":[{"href":"https:\/\/www.intimina.com\/es\/blog\/wp-json\/wp\/v2\/media?parent=9687"}],"wp:term":[{"taxonomy":"category","embeddable":true,"href":"https:\/\/www.intimina.com\/es\/blog\/wp-json\/wp\/v2\/categories?post=9687"},{"taxonomy":"post_tag","embeddable":true,"href":"https:\/\/www.intimina.com\/es\/blog\/wp-json\/wp\/v2\/tags?post=9687"}],"curies":[{"name":"wp","href":"https:\/\/api.w.org\/{rel}","templated":true}]}}